{"id":45,"date":"2021-01-06T17:32:00","date_gmt":"2021-01-06T16:32:00","guid":{"rendered":"https:\/\/gites-pays-basque.fr\/?p=45"},"modified":"2021-03-05T18:43:43","modified_gmt":"2021-03-05T17:43:43","slug":"quest-ce-que-le-pays-basque","status":"publish","type":"post","link":"https:\/\/gites-pays-basque.fr\/index.php\/2021\/01\/06\/quest-ce-que-le-pays-basque\/","title":{"rendered":"Qu&rsquo;est-ce que le Pays Basque ?"},"content":{"rendered":"\n<p>Le Pays Basque attire de plus en plus de visiteurs et touristes chaque ann\u00e9e, mais peu de personnes savent pr\u00e9cis\u00e9ment <strong>ce qu&rsquo;est le Pays Basque<\/strong>. Et vous, savez-vous exactement \u00e0 quoi correspond cette r\u00e9gion ? On vous explique tout dans cet article !<\/p>\n\n\n\n<h2>La G\u00e9ographie du Pays Basque<\/h2>\n\n\n\n<p>A cheval sur les Pyr\u00e9n\u00e9es, le Pays basque est divis\u00e9 en 2 grandes parties : <strong>le pays basque fran\u00e7ais<\/strong> (environ 20% de la superficie) et <strong>le pays basque espagnol<\/strong> (80% de la superficie totale de la r\u00e9gion).  <\/p>\n\n\n\n<ul><li><strong>Le pays basque espagnol<\/strong> : cette r\u00e9gion est compos\u00e9 de la communaut\u00e9 autonome basque d&rsquo;Espagne, comprenant 3 provinces (la Biscaye, le Guip\u00fazcoa et l&rsquo;\u00c1lava.<\/li><li><strong>Le pays basque fran\u00e7ais<\/strong> : il est compos\u00e9 \u00e9galement de 3 provinces de l&rsquo;Ancien R\u00e9gime, qui sont le Labourd, la Basse-Navarre et la Soule.<\/li><\/ul>\n\n\n\n<p>L&rsquo;ensemble du Pays Basque (fran\u00e7ais et espagnol) correspond \u00e0 une r\u00e9gion de moyenne montagne, avec une altitude maximale de 2000 m (extr\u00e9mit\u00e9 orientale).<\/p>\n\n\n\n<figure class=\"wp-block-image size-large\"><img loading=\"lazy\" decoding=\"async\" width=\"746\" height=\"619\" src=\"https:\/\/gites-pays-basque.fr\/wp-content\/uploads\/2021\/02\/carte-pays-basque.jpg\" alt=\"\" class=\"wp-image-46\" srcset=\"https:\/\/gites-pays-basque.fr\/wp-content\/uploads\/2021\/02\/carte-pays-basque.jpg 746w, https:\/\/gites-pays-basque.fr\/wp-content\/uploads\/2021\/02\/carte-pays-basque-300x249.jpg 300w\" sizes=\"auto, (max-width: 746px) 100vw, 746px\" \/><\/figure>\n\n\n\n<h2>La population basque<\/h2>\n\n\n\n<p>Pour ce qui est de la population, les basques sont consid\u00e9r\u00e9s comme \u00e9tant le groupe ethnique le plus ancien d\u2019Europe. En effet, les premiers objets, trouv\u00e9s dans les grottes basques, ainsi que les s\u00e9pultures, attestent que l\u2019histoire du Pays Basque a commenc\u00e9 d\u00e8s la Pr\u00e9histoire.<\/p>\n\n\n\n<p>Au total, il y a <strong>3 millions d&rsquo;habitants au Pays Basque<\/strong>.<\/p>\n\n\n\n<figure class=\"wp-block-image size-large\"><img loading=\"lazy\" decoding=\"async\" width=\"870\" height=\"489\" src=\"https:\/\/gites-pays-basque.fr\/wp-content\/uploads\/2021\/02\/habitants-pays-basque.jpg\" alt=\"\" class=\"wp-image-48\" srcset=\"https:\/\/gites-pays-basque.fr\/wp-content\/uploads\/2021\/02\/habitants-pays-basque.jpg 870w, https:\/\/gites-pays-basque.fr\/wp-content\/uploads\/2021\/02\/habitants-pays-basque-300x169.jpg 300w, https:\/\/gites-pays-basque.fr\/wp-content\/uploads\/2021\/02\/habitants-pays-basque-768x432.jpg 768w, https:\/\/gites-pays-basque.fr\/wp-content\/uploads\/2021\/02\/habitants-pays-basque-540x304.jpg 540w\" sizes=\"auto, (max-width: 870px) 100vw, 870px\" \/><figcaption>Source image : France Bleu<\/figcaption><\/figure>\n\n\n\n<h2>La langue basque<\/h2>\n\n\n\n<p>Tout comme la population du pays basque, <strong>la langue basque est la plus ancienne d&rsquo;Europe occidentale<\/strong>. M\u00eame si la plupart de ses habitants parlent le fran\u00e7ais ou l&rsquo;espagnol (en fonction de leur r\u00e9gion), la langue basque est toujours consid\u00e9r\u00e9e comme une langue vivante. En 2016, une \u00e9tude a d\u00e9montr\u00e9 qu&rsquo;il y avait plus de 750 000 locuteurs bascophones de seize ans et plus (France &amp; Espagne confondus), soit 28,4 % de la population totale.<\/p>\n\n\n\n<figure class=\"wp-block-image size-large\"><img loading=\"lazy\" decoding=\"async\" width=\"250\" height=\"140\" src=\"https:\/\/gites-pays-basque.fr\/wp-content\/uploads\/2021\/02\/drapeau-pays-basque.png\" alt=\"\" class=\"wp-image-47\"\/><\/figure>\n\n\n\n<h2>Le tourisme au Pays Basque<\/h2>\n\n\n\n<p>Que ce soit du c\u00f4t\u00e9 fran\u00e7ais ou espagnol, le pays basque est une <strong>r\u00e9gion touristique tr\u00e8s attractive<\/strong>. En effet, entre oc\u00e9an et montagnes, la r\u00e9gion est tout particuli\u00e8rement appr\u00e9ci\u00e9e pour son charme, sa douceur de vivre et son authenticit\u00e9. Avec de <a href=\"https:\/\/gites-pays-basque.fr\/index.php\/2021\/01\/12\/les-5-plus-belles-plages-du-pays-basque\/\">magnifiques plages<\/a>, de superbes massifs et un bel arri\u00e8re-pays, le Pays Basque ne manque pas d&rsquo;atouts. C&rsquo;est notamment le paradis des surfeurs !<\/p>\n\n\n\n<p>Chaque ann\u00e9e, ce sont plusieurs millions de touristes qui se rendent au pays basque et <a href=\"https:\/\/gites-pays-basque.fr\/index.php\/2020\/12\/29\/ou-reserver-un-hotel-ou-un-gite-au-pays-basque\/\">r\u00e9servent un h\u00e9bergement<\/a> (h\u00f4tel, appartement ou maison, mais aussi campings, g\u00eetes et logements insolites). On y recense principalement des touristes fran\u00e7ais et espagnols, mais aussi de plus en plus de touristes \u00e9trangers. Un engouement qui devrait continuer \u00e0 cro\u00eetre ces prochaines ann\u00e9es !<\/p>\n\n\n\n<figure class=\"wp-block-image size-large\"><img loading=\"lazy\" decoding=\"async\" width=\"1024\" height=\"683\" src=\"https:\/\/gites-pays-basque.fr\/wp-content\/uploads\/2021\/01\/biarritz-4013615_1920-1024x683.jpg\" alt=\"\" class=\"wp-image-35\" srcset=\"https:\/\/gites-pays-basque.fr\/wp-content\/uploads\/2021\/01\/biarritz-4013615_1920-1024x683.jpg 1024w, https:\/\/gites-pays-basque.fr\/wp-content\/uploads\/2021\/01\/biarritz-4013615_1920-300x200.jpg 300w, https:\/\/gites-pays-basque.fr\/wp-content\/uploads\/2021\/01\/biarritz-4013615_1920-768x512.jpg 768w, https:\/\/gites-pays-basque.fr\/wp-content\/uploads\/2021\/01\/biarritz-4013615_1920-1536x1024.jpg 1536w, https:\/\/gites-pays-basque.fr\/wp-content\/uploads\/2021\/01\/biarritz-4013615_1920.jpg 1920w\" sizes=\"auto, (max-width: 1024px) 100vw, 1024px\" \/><\/figure>\n","protected":false},"excerpt":{"rendered":"<p>Le Pays Basque attire de plus en plus de visiteurs et touristes chaque ann\u00e9e, mais peu de personnes savent pr\u00e9cis\u00e9ment&hellip; <a class=\"read-more\" href=\"https:\/\/gites-pays-basque.fr\/index.php\/2021\/01\/06\/quest-ce-que-le-pays-basque\/\">Continuer la lecture<\/a><\/p>\n","protected":false},"author":1,"featured_media":50,"comment_status":"open","ping_status":"open","sticky":false,"template":"","format":"standard","meta":{"footnotes":""},"categories":[2],"tags":[],"class_list":["post-45","post","type-post","status-publish","format-standard","has-post-thumbnail","hentry","category-visiter-le-pays-basque"],"_links":{"self":[{"href":"https:\/\/gites-pays-basque.fr\/index.php\/wp-json\/wp\/v2\/posts\/45","targetHints":{"allow":["GET"]}}],"collection":[{"href":"https:\/\/gites-pays-basque.fr\/index.php\/wp-json\/wp\/v2\/posts"}],"about":[{"href":"https:\/\/gites-pays-basque.fr\/index.php\/wp-json\/wp\/v2\/types\/post"}],"author":[{"embeddable":true,"href":"https:\/\/gites-pays-basque.fr\/index.php\/wp-json\/wp\/v2\/users\/1"}],"replies":[{"embeddable":true,"href":"https:\/\/gites-pays-basque.fr\/index.php\/wp-json\/wp\/v2\/comments?post=45"}],"version-history":[{"count":1,"href":"https:\/\/gites-pays-basque.fr\/index.php\/wp-json\/wp\/v2\/posts\/45\/revisions"}],"predecessor-version":[{"id":51,"href":"https:\/\/gites-pays-basque.fr\/index.php\/wp-json\/wp\/v2\/posts\/45\/revisions\/51"}],"wp:featuredmedia":[{"embeddable":true,"href":"https:\/\/gites-pays-basque.fr\/index.php\/wp-json\/wp\/v2\/media\/50"}],"wp:attachment":[{"href":"https:\/\/gites-pays-basque.fr\/index.php\/wp-json\/wp\/v2\/media?parent=45"}],"wp:term":[{"taxonomy":"category","embeddable":true,"href":"https:\/\/gites-pays-basque.fr\/index.php\/wp-json\/wp\/v2\/categories?post=45"},{"taxonomy":"post_tag","embeddable":true,"href":"https:\/\/gites-pays-basque.fr\/index.php\/wp-json\/wp\/v2\/tags?post=45"}],"curies":[{"name":"wp","href":"https:\/\/api.w.org\/{rel}","templated":true}]}}