{"id":198,"date":"2023-12-01T14:32:04","date_gmt":"2023-12-01T13:32:04","guid":{"rendered":"https:\/\/gites-pays-basque.fr\/?p=198"},"modified":"2023-12-01T14:32:04","modified_gmt":"2023-12-01T13:32:04","slug":"vaut-il-mieux-visiter-le-pays-basque-francais-ou-espagnol","status":"publish","type":"post","link":"https:\/\/gites-pays-basque.fr\/index.php\/2023\/12\/01\/vaut-il-mieux-visiter-le-pays-basque-francais-ou-espagnol\/","title":{"rendered":"Vaut-il mieux visiter le Pays Basque fran\u00e7ais ou espagnol ?"},"content":{"rendered":"\n<p>Le Pays Basque, terre de contrastes et de richesses culturelles, se divise entre la France et l&rsquo;Espagne, offrant aux voyageurs une double exp\u00e9rience aussi s\u00e9duisante que difficile \u00e0 choisir. <strong>Choisir entre le Pays Basque fran\u00e7ais et espagnol <\/strong>peut \u00eatre un dilemme, chaque c\u00f4t\u00e9 offrant son propre charme et son lot d&rsquo;attractions uniques. On vous propose d&rsquo;y voir plus clair dans cet article pour vous aider \u00e0 faire votre choix !<\/p>\n\n\n\n<h2 class=\"wp-block-heading\"><strong>L&rsquo;authenticit\u00e9 du Pays Basque fran\u00e7ais<\/strong><\/h2>\n\n\n\n<p>D&rsquo;un c\u00f4t\u00e9 de la fronti\u00e8re, <strong>le Pays Basque fran\u00e7ais s\u00e9duit par son authenticit\u00e9 pr\u00e9serv\u00e9e.<\/strong> Les charmants villages pittoresques tels que Saint-Jean-Pied-de-Port ou Espelette d\u00e9voilent des rues pav\u00e9es, des maisons \u00e0 colombages et des march\u00e9s locaux o\u00f9 les traditions sont encore bien ancr\u00e9es. Les visiteurs peuvent s&rsquo;immerger dans une ambiance m\u00e9di\u00e9vale, explorer des citadelles historiques, et d\u00e9guster des sp\u00e9cialit\u00e9s locales, comme le c\u00e9l\u00e8bre fromage Ossau-Iraty.<\/p>\n\n\n\n<h2 class=\"wp-block-heading\"><strong>La c\u00f4te \u00e9clatante du Pays Basque espagnol<\/strong><\/h2>\n\n\n\n<p>De l&rsquo;autre c\u00f4t\u00e9 de la fronti\u00e8re, le Pays Basque espagnol offre une magnifique c\u00f4te. C&rsquo;est notamment le cas de San Sebasti\u00e1n, un ville qui s\u00e9duit par sa vie nocturne anim\u00e9e, ses pintxos d\u00e9licieux et sa baie majestueuse de La Concha. Pensez \u00e0 prendre de la hauteur pour profiter d&rsquo;une magnifique vue sur la ville. Ne manquez pas San Sebastian si vous voyagez du c\u00f4t\u00e9 espagnol !<\/p>\n\n\n\n<h3 class=\"wp-block-heading\"><strong>Une culture partag\u00e9e<\/strong><\/h3>\n\n\n\n<p>Malgr\u00e9 la fronti\u00e8re, le Pays Basque conserve une culture forte et partag\u00e9e. Cependant, les diff\u00e9rences linguistiques et certaines sp\u00e9cificit\u00e9s culturelles rendent chaque c\u00f4t\u00e9 unique. Les festivals locaux, les danses traditionnelles, et la passion pour le rugby r\u00e9v\u00e8lent une identit\u00e9 commune, mais v\u00e9cue de mani\u00e8re distincte de part et d&rsquo;autre de la fronti\u00e8re.<\/p>\n\n\n\n<h3 class=\"wp-block-heading\"><strong>Le dilemme du choix<\/strong><\/h3>\n\n\n\n<p>Le <strong>choix entre le Pays Basque fran\u00e7ais et espagnol<\/strong> d\u00e9pend des pr\u00e9f\u00e9rences individuelles des voyageurs. Les amoureux d&rsquo;une ambiance plus traditionnelle et d&rsquo;une nature pr\u00e9serv\u00e9e trouveront leur bonheur du c\u00f4t\u00e9 fran\u00e7ais, tandis que ceux en qu\u00eate de plages anim\u00e9es, de festivals festifs, et d&rsquo;une sc\u00e8ne gastronomique vibrante seront s\u00e9duits par le c\u00f4t\u00e9 espagnol.<\/p>\n\n\n\n<p>En fin de compte, choisir entre le Pays Basque fran\u00e7ais et espagnol n&rsquo;est pas facile. Si vous avez la possibilit\u00e9 de d\u00e9couvrir deux facettes compl\u00e9mentaires d&rsquo;une m\u00eame culture fascinante, n&rsquo;h\u00e9sitez pas \u00e0 aller explorer les deux !<\/p>\n\n\n\n<p>Dans tous les cas, que vous optiez pour les collines verdoyantes et les march\u00e9s traditionnels fran\u00e7ais, ou pour les plages ensoleill\u00e9es et les soir\u00e9es anim\u00e9es espagnoles, le Pays Basque promet une exp\u00e9rience inoubliable. Pourquoi ne pas envisager un p\u00e9riple combin\u00e9 pour savourer pleinement la richesse de cette destination exceptionnelle ?<\/p>\n","protected":false},"excerpt":{"rendered":"<p>Le Pays Basque, terre de contrastes et de richesses culturelles, se divise entre la France et l&rsquo;Espagne, offrant aux voyageurs&hellip; <a class=\"read-more\" href=\"https:\/\/gites-pays-basque.fr\/index.php\/2023\/12\/01\/vaut-il-mieux-visiter-le-pays-basque-francais-ou-espagnol\/\">Continuer la lecture<\/a><\/p>\n","protected":false},"author":1,"featured_media":199,"comment_status":"open","ping_status":"open","sticky":false,"template":"","format":"standard","meta":{"footnotes":""},"categories":[2],"tags":[],"class_list":["post-198","post","type-post","status-publish","format-standard","has-post-thumbnail","hentry","category-visiter-le-pays-basque"],"_links":{"self":[{"href":"https:\/\/gites-pays-basque.fr\/index.php\/wp-json\/wp\/v2\/posts\/198","targetHints":{"allow":["GET"]}}],"collection":[{"href":"https:\/\/gites-pays-basque.fr\/index.php\/wp-json\/wp\/v2\/posts"}],"about":[{"href":"https:\/\/gites-pays-basque.fr\/index.php\/wp-json\/wp\/v2\/types\/post"}],"author":[{"embeddable":true,"href":"https:\/\/gites-pays-basque.fr\/index.php\/wp-json\/wp\/v2\/users\/1"}],"replies":[{"embeddable":true,"href":"https:\/\/gites-pays-basque.fr\/index.php\/wp-json\/wp\/v2\/comments?post=198"}],"version-history":[{"count":1,"href":"https:\/\/gites-pays-basque.fr\/index.php\/wp-json\/wp\/v2\/posts\/198\/revisions"}],"predecessor-version":[{"id":200,"href":"https:\/\/gites-pays-basque.fr\/index.php\/wp-json\/wp\/v2\/posts\/198\/revisions\/200"}],"wp:featuredmedia":[{"embeddable":true,"href":"https:\/\/gites-pays-basque.fr\/index.php\/wp-json\/wp\/v2\/media\/199"}],"wp:attachment":[{"href":"https:\/\/gites-pays-basque.fr\/index.php\/wp-json\/wp\/v2\/media?parent=198"}],"wp:term":[{"taxonomy":"category","embeddable":true,"href":"https:\/\/gites-pays-basque.fr\/index.php\/wp-json\/wp\/v2\/categories?post=198"},{"taxonomy":"post_tag","embeddable":true,"href":"https:\/\/gites-pays-basque.fr\/index.php\/wp-json\/wp\/v2\/tags?post=198"}],"curies":[{"name":"wp","href":"https:\/\/api.w.org\/{rel}","templated":true}]}}